{"id":1527,"date":"2021-10-18T16:38:50","date_gmt":"2021-10-18T14:38:50","guid":{"rendered":"https:\/\/www.mcg-opportunites.com\/?p=1527"},"modified":"2022-03-28T15:12:06","modified_gmt":"2022-03-28T13:12:06","slug":"le-groupe-alma-sappuie-sur-mcg-opportunites-pour-la-reprise-strategique-dagilium","status":"publish","type":"post","link":"https:\/\/eg-opportunites.com\/index.php\/2021\/10\/18\/le-groupe-alma-sappuie-sur-mcg-opportunites-pour-la-reprise-strategique-dagilium\/","title":{"rendered":"Le Groupe Alma s\u2019appuie sur EG Opportunit\u00e9s pour la reprise strat\u00e9gique d\u2019Agilium"},"content":{"rendered":"\n<div class=\"wp-block-image\"><figure class=\"alignright\"><img decoding=\"async\" loading=\"lazy\" width=\"163\" height=\"88\" src=\"http:\/\/eg-opportunites.com\/wp-content\/uploads\/2021\/10\/Capture-de\u0301cran-2021-10-18-a\u0300-16.35.51.png\" alt=\"\" class=\"wp-image-1528\"\/><\/figure><\/div>\n\n\n\n<p><strong>Impliqu\u00e9\ndans plusieurs activit\u00e9s num\u00e9riques, le Groupe Alma est l\u2019un des leaders mondiaux\ndes logiciels de CFAO pour la d\u00e9coupe et la t\u00f4lerie. La particularit\u00e9 du groupe\nest entre autres d\u2019\u00eatre constitu\u00e9 en Scop depuis sa cr\u00e9ation. Alma aujourd\u2019hui,\nc\u2019est plus de 160 passionn\u00e9s qui s\u2019investissent, innovent et d\u00e9veloppent une\nentreprise toujours plus en mouvement et en croissance. Nous sommes revenus\navec Laurence Ruffin (PDG) sur la reprise avec l\u2019aide de MCG Opportunit\u00e9\nd\u2019Agilium en 2020. <\/strong><strong><\/strong><\/p>\n\n\n\n<p><strong>Laurence\nRuffin, pouvez-vous nous parler de la gen\u00e8se de cette reprise&nbsp;?<\/strong><strong><\/strong><\/p>\n\n\n\n<p>Alma est un\ngroupe grenoblois par nature diversifi\u00e9 dans le secteur num\u00e9rique et nous\navions identifi\u00e9 Agilium, une soci\u00e9t\u00e9 bas\u00e9e pr\u00e8s d\u2019Annecy en 2019, qui \u00e9ditait\net int\u00e9grait des solutions logicielles reposant sur une plateforme de BPM (<a>mod\u00e9lisation de processus m\u00e9tier). <\/a>Nous \u00e9tions d\u00e9j\u00e0 impliqu\u00e9\ndans le collaboratif, mais plut\u00f4t comme int\u00e9grateur et prestataire de service,\nor nous cherchions \u00e0 nous renforcer dans l\u2019\u00e9dition de logiciels. \u00c0 ce moment,\nnous avions eu seuls des discussions avec Agilium qui \u00e9tait en phase de\nd\u00e9veloppement. Il y avait d\u00e9j\u00e0 une vraie synergie.&nbsp; <\/p>\n\n\n\n<p><strong>Comment s\u2019est\npass\u00e9e la reprise et pourquoi avoir fait appel \u00e0 MCG Opportunit\u00e9s&nbsp;? <\/strong><strong><\/strong><\/p>\n\n\n\n<p>Nous avons\nappris qu\u2019il y avait une opportunit\u00e9 pour reprendre la soci\u00e9t\u00e9 d\u00e9but 2020, et\nque nous avions une fen\u00eatre de tir tr\u00e8s courte, moins de 2 mois pour rencontrer\nles \u00e9quipes et pr\u00e9senter le projet, et c\u2019est l\u00e0 o\u00f9 MCG a jou\u00e9 un r\u00f4le tr\u00e8s important,\ncar ils ont pu r\u00e9diger les offres, et surtout, ils ont compris le march\u00e9. La\nreprise se faisant au tribunal de commerce, il \u00e9tait indispensable de se faire\naccompagner. MCG est tr\u00e8s au fait du fonctionnement des tribunaux de commerce\net cela nous a permis de nous focaliser sur des aspects strat\u00e9giques et op\u00e9rationnels\ndes diff\u00e9rents m\u00e9tiers.<\/p>\n\n\n\n<p><strong>Le temps est\ndonc important dans une offre de rachat&nbsp;?<\/strong><strong><\/strong><\/p>\n\n\n\n<p>Dans ce cas,\ncela s\u2019est jou\u00e9 en tr\u00e8s peu de temps, des discussions avec l\u2019administrateur, au\ntribunal de commerce, il faut aller tr\u00e8s vite. De plus, derri\u00e8re tout cela, il\ny a beaucoup de choses \u00e0 g\u00e9rer. &nbsp;Le\ncontexte \u00e9tait aussi tr\u00e8s compliqu\u00e9 en raison de la crise sanitaire, les\ngreffes \u00e9taient ferm\u00e9s. Nous n\u2019avions plus d\u2019interlocuteur, mais MCG a une tr\u00e8s\ngrande connaissance de la reprise. Nous n\u2019en n\u2019\u00e9tions pas \u00e0 notre premi\u00e8re croissance\nexterne, mais cela est assez technique de reprendre au tribunal. <\/p>\n\n\n\n<p><strong>La crise\nsanitaire a-t-elle impact\u00e9e les n\u00e9gociations&nbsp;?<\/strong><strong><\/strong><\/p>\n\n\n\n<p>Bien s\u00fbr, le\ncontexte n\u2019\u00e9tait pas id\u00e9al, car nous avons commenc\u00e9 les discussions avant la\ncrise et nous avons d\u00fb finaliser pendant le confinement. Mais le plus gros\nchallenge \u00e9tait de faire d\u00e9coller une boite en temps de Covid, ce qui change la\ndonne. Cela a fonctionn\u00e9 car le rapprochement avait vraiment un int\u00e9r\u00eat des\ndeux c\u00f4t\u00e9s&nbsp;:il nous donne une position plus forte en tant qu\u2019acteur de la\nTransformation Num\u00e9rique des entreprises. <\/p>\n\n\n\n<p><strong>C\u2019est\nvraiment un projet de d\u00e9veloppement entre les deux soci\u00e9t\u00e9s&nbsp;?<\/strong><strong><\/strong><\/p>\n\n\n\n<p>Oui, car nous\ngardons la technologie d\u2019Agilium et elle vient compl\u00e9ter le savoir-faire d\u2019Alma.<\/p>\n\n\n\n<p>Sur le volet\nhumain, nous sommes une Scop, ce qui implique un management partag\u00e9, et culturellement,\nil fallait avoir une proximit\u00e9 avec les \u00e9quipes. Nous avons d\u00e9cid\u00e9 de faire\ncette reprise en Scop conjointement avec les salari\u00e9s des diff\u00e9rentes entit\u00e9s.<\/p>\n\n\n\n<p><strong>Quelle \u00e9tait\nla priorit\u00e9 apr\u00e8s cette reprise&nbsp;?<\/strong><strong><\/strong><\/p>\n\n\n\n<p>Nous avons\nperdu un peu de temps \u00e0 cause du confinement.<\/p>\n\n\n\n<p>Il nous\nfallait relancer le business et la situation sanitaire a fait que nous ne pouvions\npas nous voir. Nous avons donc eu quelques mois de latence. A la rentr\u00e9e, avec l\u2019appui\nd\u2019un s\u00e9minaire, nous avons pu donner toute la puissance \u00e0 ce rapprochement.\nAujourd\u2019hui, nous avons remis un rythme de rencontre et d\u00e9sormais nous multiplions\nles pr\u00e9sences d\u2019un c\u00f4t\u00e9 ou de l\u2019autre.Il y a une v\u00e9ritable appartenance au\ngroupe Alma. La croissance est au rendez-vous et nous avons recrut\u00e9 deux\npersonnes de plus depuis la reprise. <\/p>\n\n\n\n<p><strong>Quelle est\nvotre strat\u00e9gie lors de croissance externe concernant les marques&nbsp;? <\/strong><strong><\/strong><\/p>\n\n\n\n<p>Cela d\u00e9pend\ndes situations, mais pour Agilium nous avions remarqu\u00e9 une bonne notori\u00e9t\u00e9 et\nun lien fort entre Agilium et ses clients. Il nous a sembl\u00e9 que nous avions int\u00e9r\u00eat\n\u00e0 garder le nom d\u2019Agilium en tant que marque des logiciels de BPM du groupe, tout\nen capitalisant sur l\u2019appartenance de l\u2019entit\u00e9 au groupe Alma. Ainsi \u00ab&nbsp;Agilium\nGroupe Alma&nbsp;\u00bb se fond d\u00e9sormais dans l\u2019identit\u00e9 visuelle du groupe, ce qui\nmarque la continuit\u00e9 et montre que l\u2019\u00e9quipe continue l\u2019aventure. <\/p>\n\n\n\n<p><strong>Pour finir,\nvous \u00eates satisfait de votre accompagnement par MCG Opportunit\u00e9s&nbsp;?<\/strong><strong><\/strong><\/p>\n\n\n\n<p>MCG est un v\u00e9ritable\npartenaire et travailler avec eux nous a permis de ne pas rater d\u2019informations.\nDans une reprise, on vous demande de la r\u00e9activit\u00e9 et une forme de technicit\u00e9\njuridique et la reprise \u00e0 la barre est assez technique. Travailler avec MCG nous\na fait gagner du temps au moment o\u00f9 la rapidit\u00e9 est la cl\u00e9. De plus, MCG a agi comme\nun v\u00e9ritable conseil, bien s\u00fbr au niveau technique, mais aussi sur des aspects\nsubjectifs, par exemple, sur le prix de reprise. &nbsp;Cela permet d\u2019avoir un accompagnement tr\u00e8s\ntransversal. Une reprise, c\u2019est intense, il faut se faire accompagner.<\/p>\n","protected":false},"excerpt":{"rendered":"<p><\/p>\n","protected":false},"author":1,"featured_media":1530,"comment_status":"closed","ping_status":"open","sticky":false,"template":"","format":"standard","meta":{"_mi_skip_tracking":false,"_exactmetrics_sitenote_active":false,"_exactmetrics_sitenote_note":"","_exactmetrics_sitenote_category":0},"categories":[1],"tags":[],"_links":{"self":[{"href":"https:\/\/eg-opportunites.com\/index.php\/wp-json\/wp\/v2\/posts\/1527"}],"collection":[{"href":"https:\/\/eg-opportunites.com\/index.php\/wp-json\/wp\/v2\/posts"}],"about":[{"href":"https:\/\/eg-opportunites.com\/index.php\/wp-json\/wp\/v2\/types\/post"}],"author":[{"embeddable":true,"href":"https:\/\/eg-opportunites.com\/index.php\/wp-json\/wp\/v2\/users\/1"}],"replies":[{"embeddable":true,"href":"https:\/\/eg-opportunites.com\/index.php\/wp-json\/wp\/v2\/comments?post=1527"}],"version-history":[{"count":1,"href":"https:\/\/eg-opportunites.com\/index.php\/wp-json\/wp\/v2\/posts\/1527\/revisions"}],"predecessor-version":[{"id":1631,"href":"https:\/\/eg-opportunites.com\/index.php\/wp-json\/wp\/v2\/posts\/1527\/revisions\/1631"}],"wp:featuredmedia":[{"embeddable":true,"href":"https:\/\/eg-opportunites.com\/index.php\/wp-json\/wp\/v2\/media\/1530"}],"wp:attachment":[{"href":"https:\/\/eg-opportunites.com\/index.php\/wp-json\/wp\/v2\/media?parent=1527"}],"wp:term":[{"taxonomy":"category","embeddable":true,"href":"https:\/\/eg-opportunites.com\/index.php\/wp-json\/wp\/v2\/categories?post=1527"},{"taxonomy":"post_tag","embeddable":true,"href":"https:\/\/eg-opportunites.com\/index.php\/wp-json\/wp\/v2\/tags?post=1527"}],"curies":[{"name":"wp","href":"https:\/\/api.w.org\/{rel}","templated":true}]}}